{"id":358,"date":"2024-05-26T19:08:44","date_gmt":"2024-05-26T17:08:44","guid":{"rendered":"https:\/\/thythandchins.com\/?p=358"},"modified":"2025-04-21T12:55:05","modified_gmt":"2025-04-21T10:55:05","slug":"la-deco-de-la-patinoire-de-dreux-confiee-a-aurelie-damilleville","status":"publish","type":"post","link":"https:\/\/thythandchins.com\/?p=358","title":{"rendered":"La d\u00e9co de la patinoire de Dreux confi\u00e9e \u00e0 Aur\u00e9lie Damilleville"},"content":{"rendered":"\n<p class=\"has-foreground-color has-text-color has-link-color wp-elements-207067f0d8956ce2dacd4590fd969dbb\">Une patinoire ouvrira prochainement dans la <a href=\"https:\/\/dreux.com\/\">ville de Dreux<\/a>, un projet qui ambitieux qui s&#8217;inscrit dans la cr\u00e9ation d&#8217;un p\u00f4le loisir au nord de la ville.<\/p>\n\n\n\n<p class=\"has-foreground-color has-text-color has-link-color wp-elements-15b70b22a80bb7e45e858947dff4009e\">Voulu il y a plus de 5 ans, les travaux de la <a href=\"https:\/\/dreux.com\/la-patinoire\/\">Patinoire de Dreux <\/a>s&#8217;ach\u00e8vent avec une inauguration le 31 mai. Une ouverture attendue qui vient compl\u00e9ter les 27 000 m\u00b2 d\u00e9di\u00e9s au loisir sur la ville royale. <a href=\"https:\/\/mtaville.fr\/28100\/dreux\/actualites\/philippe-candeloro-inaugure-patinoire-dreux-159089.php\">La pr\u00e9sence de Philippe Candeloro<\/a>, <a href=\"https:\/\/www.facebook.com\/reel\/728305649464983\">consultant sur le projet<\/a>, sur cette premi\u00e8re qui devrait r\u00e9unir plus de 1000 drouaises et drouais inscrits \u00e0 l&#8217;inauguration.<\/p>\n\n\n\n<figure class=\"wp-block-image size-full\"><img loading=\"lazy\" decoding=\"async\" width=\"1024\" height=\"692\" src=\"https:\/\/thythandchins.com\/wp-content\/uploads\/2024\/05\/image.png\" alt=\"This image has an empty alt attribute; its file name is Patinoire_Dreux_thyth_and_chins_aurelie_damilleville-1024x692.png\" class=\"wp-image-363\" srcset=\"https:\/\/thythandchins.com\/wp-content\/uploads\/2024\/05\/image.png 1024w, https:\/\/thythandchins.com\/wp-content\/uploads\/2024\/05\/image-300x203.png 300w, https:\/\/thythandchins.com\/wp-content\/uploads\/2024\/05\/image-768x519.png 768w\" sizes=\"auto, (max-width: 1024px) 100vw, 1024px\" \/><\/figure>\n\n\n\n<p class=\"has-foreground-color has-text-color has-link-color wp-elements-38cf7240380420dd51b858197268c83d\">La mairie a confi\u00e9 \u00e0 <a href=\"http:\/\/www.thythandchins.com\">Thyth &amp; Chins<\/a>, l&#8217;am\u00e9nagement de 4 espaces au sein de la patinoire : l&#8217;espace snacking et le bar, l&#8217;accueil, la salle de r\u00e9union et les loges VIPs. Un vrai &#8220;challenge&#8221;, comme aime les relever <a href=\"https:\/\/www.linkedin.com\/in\/aur%C3%A9lie-damilleville-6716b063\/\">Aur\u00e9lie Damilleville<\/a>, entre les contraintes d&#8217;espaces, de temps et l&#8217;int\u00e9gration d&#8217;une ambiance chaleureuse au sein d&#8217;un b\u00e2timent au design fonctionnel et aux couleurs fortes.<\/p>\n\n\n\n<p class=\"has-foreground-color has-text-color has-link-color wp-elements-a1ed035eb19f58a78a778e7773c43731\">Un article complet sur la patinoire, explique tout le projet <a href=\"https:\/\/www.calameo.com\/mtaville\/books\/001916336e480ac6e0748\">cliquez ici<\/a> <\/p>\n\n\n\n<p><\/p>\n","protected":false},"excerpt":{"rendered":"<p>Une patinoire ouvrira prochainement dans la ville de Dreux, un projet qui ambitieux qui s&#8217;inscrit dans la cr\u00e9ation d&#8217;un p\u00f4le loisir au nord de la ville. Voulu il y a plus de 5 ans, les travaux de la Patinoire de Dreux s&#8217;ach\u00e8vent avec une inauguration le 31 mai. Une ouverture attendue qui vient compl\u00e9ter les [&hellip;]<\/p>\n","protected":false},"author":1,"featured_media":366,"comment_status":"open","ping_status":"open","sticky":false,"template":"","format":"standard","meta":{"footnotes":""},"categories":[1],"tags":[11,7,8,10,12],"class_list":["post-358","post","type-post","status-publish","format-standard","has-post-thumbnail","hentry","category-non-classe","tag-candeloro","tag-dreux","tag-patinoire","tag-patinoiredreux","tag-philippecandeloro"],"_links":{"self":[{"href":"https:\/\/thythandchins.com\/index.php?rest_route=\/wp\/v2\/posts\/358","targetHints":{"allow":["GET"]}}],"collection":[{"href":"https:\/\/thythandchins.com\/index.php?rest_route=\/wp\/v2\/posts"}],"about":[{"href":"https:\/\/thythandchins.com\/index.php?rest_route=\/wp\/v2\/types\/post"}],"author":[{"embeddable":true,"href":"https:\/\/thythandchins.com\/index.php?rest_route=\/wp\/v2\/users\/1"}],"replies":[{"embeddable":true,"href":"https:\/\/thythandchins.com\/index.php?rest_route=%2Fwp%2Fv2%2Fcomments&post=358"}],"version-history":[{"count":6,"href":"https:\/\/thythandchins.com\/index.php?rest_route=\/wp\/v2\/posts\/358\/revisions"}],"predecessor-version":[{"id":403,"href":"https:\/\/thythandchins.com\/index.php?rest_route=\/wp\/v2\/posts\/358\/revisions\/403"}],"wp:featuredmedia":[{"embeddable":true,"href":"https:\/\/thythandchins.com\/index.php?rest_route=\/wp\/v2\/media\/366"}],"wp:attachment":[{"href":"https:\/\/thythandchins.com\/index.php?rest_route=%2Fwp%2Fv2%2Fmedia&parent=358"}],"wp:term":[{"taxonomy":"category","embeddable":true,"href":"https:\/\/thythandchins.com\/index.php?rest_route=%2Fwp%2Fv2%2Fcategories&post=358"},{"taxonomy":"post_tag","embeddable":true,"href":"https:\/\/thythandchins.com\/index.php?rest_route=%2Fwp%2Fv2%2Ftags&post=358"}],"curies":[{"name":"wp","href":"https:\/\/api.w.org\/{rel}","templated":true}]}}